{"id":502,"date":"2019-07-21T16:14:33","date_gmt":"2019-07-21T14:14:33","guid":{"rendered":"http:\/\/www.glaireuse.be\/?p=502"},"modified":"2019-07-21T18:20:57","modified_gmt":"2019-07-21T16:20:57","slug":"balade-motos-2019","status":"publish","type":"post","link":"https:\/\/www.glaireuse.be\/?p=502","title":{"rendered":"Balade motos 2019"},"content":{"rendered":"\n<p>Cette ann\u00e9e encore, pour la troisi\u00e8me ann\u00e9e cons\u00e9cutive, une balade moto sera organis\u00e9e dans le cadre de la kermesse annuelle du village. Boucle de +\/-250km \/ Petit d\u00e9jeuner offert et repas de midi inclus \u00e0 mi-parcours (assiette barbecue).<\/p>\n\n\n\n<figure class=\"wp-block-image\"><img loading=\"lazy\" decoding=\"async\" width=\"726\" height=\"1024\" src=\"http:\/\/www.glaireuse.be\/wp-content\/uploads\/2019\/07\/Balade-Moto-2019-726x1024.jpg\" alt=\"\" class=\"wp-image-504\" srcset=\"https:\/\/www.glaireuse.be\/wp-content\/uploads\/2019\/07\/Balade-Moto-2019-726x1024.jpg 726w, https:\/\/www.glaireuse.be\/wp-content\/uploads\/2019\/07\/Balade-Moto-2019-106x150.jpg 106w, https:\/\/www.glaireuse.be\/wp-content\/uploads\/2019\/07\/Balade-Moto-2019-213x300.jpg 213w, https:\/\/www.glaireuse.be\/wp-content\/uploads\/2019\/07\/Balade-Moto-2019-768x1083.jpg 768w, https:\/\/www.glaireuse.be\/wp-content\/uploads\/2019\/07\/Balade-Moto-2019.jpg 1240w\" sizes=\"auto, (max-width: 726px) 100vw, 726px\" \/><\/figure>\n","protected":false},"excerpt":{"rendered":"<p>Cette ann\u00e9e encore, pour la troisi\u00e8me ann\u00e9e cons\u00e9cutive, une balade moto sera organis\u00e9e dans le cadre de la kermesse annuelle du village. Boucle de +\/-250km \/ Petit d\u00e9jeuner offert et repas de midi inclus \u00e0 mi-parcours (assiette barbecue).<\/p>\n","protected":false},"author":1,"featured_media":0,"comment_status":"open","ping_status":"open","sticky":false,"template":"","format":"standard","meta":{"_monsterinsights_skip_tracking":false,"_monsterinsights_sitenote_active":false,"_monsterinsights_sitenote_note":"","_monsterinsights_sitenote_category":0,"ngg_post_thumbnail":0,"footnotes":""},"categories":[9],"tags":[],"class_list":["post-502","post","type-post","status-publish","format-standard","hentry","category-aout-2019"],"yoast_head":"<!-- This site is optimized with the Yoast SEO plugin v19.4 - https:\/\/yoast.com\/wordpress\/plugins\/seo\/ -->\n<title>Balade motos 2019 - Club des Jeunes de Glaireuse<\/title>\n<meta name=\"robots\" content=\"index, follow, max-snippet:-1, max-image-preview:large, max-video-preview:-1\" \/>\n<link rel=\"canonical\" href=\"http:\/\/www.glaireuse.be\/?p=502\" \/>\n<meta property=\"og:locale\" content=\"fr_FR\" \/>\n<meta property=\"og:type\" content=\"article\" \/>\n<meta property=\"og:title\" content=\"Balade motos 2019 - Club des Jeunes de Glaireuse\" \/>\n<meta property=\"og:description\" content=\"Cette ann\u00e9e encore, pour la troisi\u00e8me ann\u00e9e cons\u00e9cutive, une balade moto sera organis\u00e9e dans le cadre de la kermesse annuelle du village. Boucle de +\/-250km \/ Petit d\u00e9jeuner offert et repas de midi inclus \u00e0 mi-parcours (assiette barbecue).\" \/>\n<meta property=\"og:url\" content=\"http:\/\/www.glaireuse.be\/?p=502\" \/>\n<meta property=\"og:site_name\" content=\"Club des Jeunes de Glaireuse\" \/>\n<meta property=\"article:published_time\" content=\"2019-07-21T14:14:33+00:00\" \/>\n<meta property=\"article:modified_time\" content=\"2019-07-21T16:20:57+00:00\" \/>\n<meta property=\"og:image\" content=\"http:\/\/www.glaireuse.be\/wp-content\/uploads\/2019\/07\/Balade-Moto-2019-726x1024.jpg\" \/>\n<meta name=\"author\" content=\"Eric\" \/>\n<meta name=\"twitter:card\" content=\"summary_large_image\" \/>\n<meta name=\"twitter:label1\" content=\"\u00c9crit par\" \/>\n\t<meta name=\"twitter:data1\" content=\"Eric\" \/>\n<script type=\"application\/ld+json\" class=\"yoast-schema-graph\">{\"@context\":\"https:\/\/schema.org\",\"@graph\":[{\"@type\":\"Organization\",\"@id\":\"http:\/\/www.glaireuse.be\/#organization\",\"name\":\"Club des Jeunes de Glaireuse\",\"url\":\"http:\/\/www.glaireuse.be\/\",\"sameAs\":[],\"logo\":{\"@type\":\"ImageObject\",\"inLanguage\":\"fr-FR\",\"@id\":\"http:\/\/www.glaireuse.be\/#\/schema\/logo\/image\/\",\"url\":\"http:\/\/www.glaireuse.be\/wp-content\/uploads\/2022\/07\/Vache.bmp\",\"contentUrl\":\"http:\/\/www.glaireuse.be\/wp-content\/uploads\/2022\/07\/Vache.bmp\",\"width\":307,\"height\":422,\"caption\":\"Club des Jeunes de Glaireuse\"},\"image\":{\"@id\":\"http:\/\/www.glaireuse.be\/#\/schema\/logo\/image\/\"}},{\"@type\":\"WebSite\",\"@id\":\"http:\/\/www.glaireuse.be\/#website\",\"url\":\"http:\/\/www.glaireuse.be\/\",\"name\":\"Club des Jeunes de Glaireuse\",\"description\":\"Tous \u00e0 Glaireuse le 2e WE d&#039;ao\u00fbt\",\"publisher\":{\"@id\":\"http:\/\/www.glaireuse.be\/#organization\"},\"potentialAction\":[{\"@type\":\"SearchAction\",\"target\":{\"@type\":\"EntryPoint\",\"urlTemplate\":\"http:\/\/www.glaireuse.be\/?s={search_term_string}\"},\"query-input\":\"required name=search_term_string\"}],\"inLanguage\":\"fr-FR\"},{\"@type\":\"WebPage\",\"@id\":\"http:\/\/www.glaireuse.be\/?p=502\",\"url\":\"http:\/\/www.glaireuse.be\/?p=502\",\"name\":\"Balade motos 2019 - Club des Jeunes de Glaireuse\",\"isPartOf\":{\"@id\":\"http:\/\/www.glaireuse.be\/#website\"},\"datePublished\":\"2019-07-21T14:14:33+00:00\",\"dateModified\":\"2019-07-21T16:20:57+00:00\",\"breadcrumb\":{\"@id\":\"http:\/\/www.glaireuse.be\/?p=502#breadcrumb\"},\"inLanguage\":\"fr-FR\",\"potentialAction\":[{\"@type\":\"ReadAction\",\"target\":[\"http:\/\/www.glaireuse.be\/?p=502\"]}]},{\"@type\":\"BreadcrumbList\",\"@id\":\"http:\/\/www.glaireuse.be\/?p=502#breadcrumb\",\"itemListElement\":[{\"@type\":\"ListItem\",\"position\":1,\"name\":\"Accueil\",\"item\":\"http:\/\/www.glaireuse.be\/\"},{\"@type\":\"ListItem\",\"position\":2,\"name\":\"Balade motos 2019\"}]},{\"@type\":\"Article\",\"@id\":\"http:\/\/www.glaireuse.be\/?p=502#article\",\"isPartOf\":{\"@id\":\"http:\/\/www.glaireuse.be\/?p=502\"},\"author\":{\"name\":\"Eric\",\"@id\":\"http:\/\/www.glaireuse.be\/#\/schema\/person\/0fc444acf2449c5618fc04f1d155a2ab\"},\"headline\":\"Balade motos 2019\",\"datePublished\":\"2019-07-21T14:14:33+00:00\",\"dateModified\":\"2019-07-21T16:20:57+00:00\",\"mainEntityOfPage\":{\"@id\":\"http:\/\/www.glaireuse.be\/?p=502\"},\"wordCount\":45,\"commentCount\":0,\"publisher\":{\"@id\":\"http:\/\/www.glaireuse.be\/#organization\"},\"articleSection\":[\"Ao\u00fbt 2019\"],\"inLanguage\":\"fr-FR\",\"potentialAction\":[{\"@type\":\"CommentAction\",\"name\":\"Comment\",\"target\":[\"http:\/\/www.glaireuse.be\/?p=502#respond\"]}]},{\"@type\":\"Person\",\"@id\":\"http:\/\/www.glaireuse.be\/#\/schema\/person\/0fc444acf2449c5618fc04f1d155a2ab\",\"name\":\"Eric\",\"image\":{\"@type\":\"ImageObject\",\"inLanguage\":\"fr-FR\",\"@id\":\"http:\/\/www.glaireuse.be\/#\/schema\/person\/image\/\",\"url\":\"https:\/\/secure.gravatar.com\/avatar\/029892bb6911d4d437f96a8ae61fff2166ee925c26f3ac684b2efd83dad21e3c?s=96&d=mm&r=g\",\"contentUrl\":\"https:\/\/secure.gravatar.com\/avatar\/029892bb6911d4d437f96a8ae61fff2166ee925c26f3ac684b2efd83dad21e3c?s=96&d=mm&r=g\",\"caption\":\"Eric\"},\"sameAs\":[\"http:\/\/www.glaireuse.be\"],\"url\":\"https:\/\/www.glaireuse.be\/?author=1\"}]}<\/script>\n<!-- \/ Yoast SEO plugin. -->","yoast_head_json":{"title":"Balade motos 2019 - Club des Jeunes de Glaireuse","robots":{"index":"index","follow":"follow","max-snippet":"max-snippet:-1","max-image-preview":"max-image-preview:large","max-video-preview":"max-video-preview:-1"},"canonical":"http:\/\/www.glaireuse.be\/?p=502","og_locale":"fr_FR","og_type":"article","og_title":"Balade motos 2019 - Club des Jeunes de Glaireuse","og_description":"Cette ann\u00e9e encore, pour la troisi\u00e8me ann\u00e9e cons\u00e9cutive, une balade moto sera organis\u00e9e dans le cadre de la kermesse annuelle du village. Boucle de +\/-250km \/ Petit d\u00e9jeuner offert et repas de midi inclus \u00e0 mi-parcours (assiette barbecue).","og_url":"http:\/\/www.glaireuse.be\/?p=502","og_site_name":"Club des Jeunes de Glaireuse","article_published_time":"2019-07-21T14:14:33+00:00","article_modified_time":"2019-07-21T16:20:57+00:00","og_image":[{"url":"http:\/\/www.glaireuse.be\/wp-content\/uploads\/2019\/07\/Balade-Moto-2019-726x1024.jpg"}],"author":"Eric","twitter_card":"summary_large_image","twitter_misc":{"\u00c9crit par":"Eric"},"schema":{"@context":"https:\/\/schema.org","@graph":[{"@type":"Organization","@id":"http:\/\/www.glaireuse.be\/#organization","name":"Club des Jeunes de Glaireuse","url":"http:\/\/www.glaireuse.be\/","sameAs":[],"logo":{"@type":"ImageObject","inLanguage":"fr-FR","@id":"http:\/\/www.glaireuse.be\/#\/schema\/logo\/image\/","url":"http:\/\/www.glaireuse.be\/wp-content\/uploads\/2022\/07\/Vache.bmp","contentUrl":"http:\/\/www.glaireuse.be\/wp-content\/uploads\/2022\/07\/Vache.bmp","width":307,"height":422,"caption":"Club des Jeunes de Glaireuse"},"image":{"@id":"http:\/\/www.glaireuse.be\/#\/schema\/logo\/image\/"}},{"@type":"WebSite","@id":"http:\/\/www.glaireuse.be\/#website","url":"http:\/\/www.glaireuse.be\/","name":"Club des Jeunes de Glaireuse","description":"Tous \u00e0 Glaireuse le 2e WE d&#039;ao\u00fbt","publisher":{"@id":"http:\/\/www.glaireuse.be\/#organization"},"potentialAction":[{"@type":"SearchAction","target":{"@type":"EntryPoint","urlTemplate":"http:\/\/www.glaireuse.be\/?s={search_term_string}"},"query-input":"required name=search_term_string"}],"inLanguage":"fr-FR"},{"@type":"WebPage","@id":"http:\/\/www.glaireuse.be\/?p=502","url":"http:\/\/www.glaireuse.be\/?p=502","name":"Balade motos 2019 - Club des Jeunes de Glaireuse","isPartOf":{"@id":"http:\/\/www.glaireuse.be\/#website"},"datePublished":"2019-07-21T14:14:33+00:00","dateModified":"2019-07-21T16:20:57+00:00","breadcrumb":{"@id":"http:\/\/www.glaireuse.be\/?p=502#breadcrumb"},"inLanguage":"fr-FR","potentialAction":[{"@type":"ReadAction","target":["http:\/\/www.glaireuse.be\/?p=502"]}]},{"@type":"BreadcrumbList","@id":"http:\/\/www.glaireuse.be\/?p=502#breadcrumb","itemListElement":[{"@type":"ListItem","position":1,"name":"Accueil","item":"http:\/\/www.glaireuse.be\/"},{"@type":"ListItem","position":2,"name":"Balade motos 2019"}]},{"@type":"Article","@id":"http:\/\/www.glaireuse.be\/?p=502#article","isPartOf":{"@id":"http:\/\/www.glaireuse.be\/?p=502"},"author":{"name":"Eric","@id":"http:\/\/www.glaireuse.be\/#\/schema\/person\/0fc444acf2449c5618fc04f1d155a2ab"},"headline":"Balade motos 2019","datePublished":"2019-07-21T14:14:33+00:00","dateModified":"2019-07-21T16:20:57+00:00","mainEntityOfPage":{"@id":"http:\/\/www.glaireuse.be\/?p=502"},"wordCount":45,"commentCount":0,"publisher":{"@id":"http:\/\/www.glaireuse.be\/#organization"},"articleSection":["Ao\u00fbt 2019"],"inLanguage":"fr-FR","potentialAction":[{"@type":"CommentAction","name":"Comment","target":["http:\/\/www.glaireuse.be\/?p=502#respond"]}]},{"@type":"Person","@id":"http:\/\/www.glaireuse.be\/#\/schema\/person\/0fc444acf2449c5618fc04f1d155a2ab","name":"Eric","image":{"@type":"ImageObject","inLanguage":"fr-FR","@id":"http:\/\/www.glaireuse.be\/#\/schema\/person\/image\/","url":"https:\/\/secure.gravatar.com\/avatar\/029892bb6911d4d437f96a8ae61fff2166ee925c26f3ac684b2efd83dad21e3c?s=96&d=mm&r=g","contentUrl":"https:\/\/secure.gravatar.com\/avatar\/029892bb6911d4d437f96a8ae61fff2166ee925c26f3ac684b2efd83dad21e3c?s=96&d=mm&r=g","caption":"Eric"},"sameAs":["http:\/\/www.glaireuse.be"],"url":"https:\/\/www.glaireuse.be\/?author=1"}]}},"_links":{"self":[{"href":"https:\/\/www.glaireuse.be\/index.php?rest_route=\/wp\/v2\/posts\/502","targetHints":{"allow":["GET"]}}],"collection":[{"href":"https:\/\/www.glaireuse.be\/index.php?rest_route=\/wp\/v2\/posts"}],"about":[{"href":"https:\/\/www.glaireuse.be\/index.php?rest_route=\/wp\/v2\/types\/post"}],"author":[{"embeddable":true,"href":"https:\/\/www.glaireuse.be\/index.php?rest_route=\/wp\/v2\/users\/1"}],"replies":[{"embeddable":true,"href":"https:\/\/www.glaireuse.be\/index.php?rest_route=%2Fwp%2Fv2%2Fcomments&post=502"}],"version-history":[{"count":1,"href":"https:\/\/www.glaireuse.be\/index.php?rest_route=\/wp\/v2\/posts\/502\/revisions"}],"predecessor-version":[{"id":507,"href":"https:\/\/www.glaireuse.be\/index.php?rest_route=\/wp\/v2\/posts\/502\/revisions\/507"}],"wp:attachment":[{"href":"https:\/\/www.glaireuse.be\/index.php?rest_route=%2Fwp%2Fv2%2Fmedia&parent=502"}],"wp:term":[{"taxonomy":"category","embeddable":true,"href":"https:\/\/www.glaireuse.be\/index.php?rest_route=%2Fwp%2Fv2%2Fcategories&post=502"},{"taxonomy":"post_tag","embeddable":true,"href":"https:\/\/www.glaireuse.be\/index.php?rest_route=%2Fwp%2Fv2%2Ftags&post=502"}],"curies":[{"name":"wp","href":"https:\/\/api.w.org\/{rel}","templated":true}]}}