{"id":467,"date":"2018-08-14T20:21:12","date_gmt":"2018-08-14T18:21:12","guid":{"rendered":"http:\/\/www.glaireuse.be\/?p=467"},"modified":"2019-07-21T16:17:36","modified_gmt":"2019-07-21T14:17:36","slug":"photo-edition-2018-de-notre-kermesse","status":"publish","type":"post","link":"https:\/\/www.glaireuse.be\/?p=467","title":{"rendered":"Photo \u00e9dition 2018 de notre kermesse"},"content":{"rendered":"<p>Voici les premi\u00e8res photos de la f\u00eate 2018<\/p>\n<p>Une balade moto avait lieu la journ\u00e9e du samedi. Voir les photos <a href=\"https:\/\/photos.app.goo.gl\/J1NCKVmoPpaQSpyT9\" target=\"_blank\" rel=\"noopener noreferrer\">&lt;&lt;ici&gt;&gt;<\/a><\/p>\n<p><a href=\"https:\/\/photos.app.goo.gl\/J1NCKVmoPpaQSpyT9\" target=\"_blank\" rel=\"attachment wp-att-491 noopener noreferrer\"><img loading=\"lazy\" decoding=\"async\" class=\"aligncenter size-medium wp-image-491\" src=\"http:\/\/www.glaireuse.be\/wp-content\/uploads\/2018\/08\/IMG_8118-300x200.jpg\" alt=\"IMG_8118\" width=\"300\" height=\"200\" srcset=\"https:\/\/www.glaireuse.be\/wp-content\/uploads\/2018\/08\/IMG_8118-300x200.jpg 300w, https:\/\/www.glaireuse.be\/wp-content\/uploads\/2018\/08\/IMG_8118-150x100.jpg 150w, https:\/\/www.glaireuse.be\/wp-content\/uploads\/2018\/08\/IMG_8118-768x512.jpg 768w, https:\/\/www.glaireuse.be\/wp-content\/uploads\/2018\/08\/IMG_8118.jpg 1024w, https:\/\/www.glaireuse.be\/wp-content\/uploads\/2018\/08\/IMG_8118-225x150.jpg 225w\" sizes=\"auto, (max-width: 300px) 100vw, 300px\" \/><\/a><\/p>\n<p>Allure Libre samedi 11 aout <a href=\"https:\/\/photos.app.goo.gl\/Gix6sMUbpZErgVJy9\" target=\"_blank\" rel=\"noopener noreferrer\">&lt;&lt;ici&gt;&gt;<\/a><\/p>\n<p><a href=\"https:\/\/photos.app.goo.gl\/Gix6sMUbpZErgVJy9\" target=\"_blank\" rel=\"attachment wp-att-489 noopener noreferrer\"><img loading=\"lazy\" decoding=\"async\" class=\"aligncenter wp-image-489 size-medium\" src=\"http:\/\/www.glaireuse.be\/wp-content\/uploads\/2018\/08\/IMG_8202-300x200.jpg\" alt=\"IMG_8202\" width=\"300\" height=\"200\" srcset=\"https:\/\/www.glaireuse.be\/wp-content\/uploads\/2018\/08\/IMG_8202-300x200.jpg 300w, https:\/\/www.glaireuse.be\/wp-content\/uploads\/2018\/08\/IMG_8202-150x100.jpg 150w, https:\/\/www.glaireuse.be\/wp-content\/uploads\/2018\/08\/IMG_8202-768x512.jpg 768w, https:\/\/www.glaireuse.be\/wp-content\/uploads\/2018\/08\/IMG_8202-225x150.jpg 225w, https:\/\/www.glaireuse.be\/wp-content\/uploads\/2018\/08\/IMG_8202.jpg 800w\" sizes=\"auto, (max-width: 300px) 100vw, 300px\" \/><\/a><\/p>\n<p>Concert de Pilgrims samedi 11 aout <a href=\"https:\/\/photos.app.goo.gl\/ECyJkYjiQgEfmF7M6\" target=\"_blank\" rel=\"noopener noreferrer\">&lt;&lt;ici&gt;&gt;<\/a><\/p>\n<p><a href=\"https:\/\/photos.app.goo.gl\/ECyJkYjiQgEfmF7M6\" target=\"_blank\" rel=\"attachment wp-att-472 noopener noreferrer\"><img loading=\"lazy\" decoding=\"async\" class=\"aligncenter wp-image-472 size-medium\" src=\"http:\/\/www.glaireuse.be\/wp-content\/uploads\/2018\/08\/IMG_0686-e1534278363618-225x300.jpg\" alt=\"IMG_0686\" width=\"225\" height=\"300\" srcset=\"https:\/\/www.glaireuse.be\/wp-content\/uploads\/2018\/08\/IMG_0686-e1534278363618-225x300.jpg 225w, https:\/\/www.glaireuse.be\/wp-content\/uploads\/2018\/08\/IMG_0686-e1534278363618-113x150.jpg 113w, https:\/\/www.glaireuse.be\/wp-content\/uploads\/2018\/08\/IMG_0686-e1534278363618.jpg 480w\" sizes=\"auto, (max-width: 225px) 100vw, 225px\" \/><\/a><\/p>\n<p>Le dimanche matin, inscription VTT et Brocante &#8230; <a href=\"https:\/\/photos.app.goo.gl\/U9U4mqqkZnyatFeo7\" target=\"_blank\" rel=\"noopener noreferrer\">&lt;cliquez ici&gt;<\/a><\/p>\n<p><a href=\"https:\/\/photos.app.goo.gl\/U9U4mqqkZnyatFeo7\" target=\"_blank\" rel=\"attachment wp-att-487 noopener noreferrer\"><img loading=\"lazy\" decoding=\"async\" class=\"aligncenter wp-image-487 size-medium\" src=\"http:\/\/www.glaireuse.be\/wp-content\/uploads\/2018\/08\/IMG_8285-300x200.jpg\" alt=\"IMG_8285\" width=\"300\" height=\"200\" srcset=\"https:\/\/www.glaireuse.be\/wp-content\/uploads\/2018\/08\/IMG_8285-300x200.jpg 300w, https:\/\/www.glaireuse.be\/wp-content\/uploads\/2018\/08\/IMG_8285-150x100.jpg 150w, https:\/\/www.glaireuse.be\/wp-content\/uploads\/2018\/08\/IMG_8285-768x512.jpg 768w, https:\/\/www.glaireuse.be\/wp-content\/uploads\/2018\/08\/IMG_8285.jpg 1024w, https:\/\/www.glaireuse.be\/wp-content\/uploads\/2018\/08\/IMG_8285-225x150.jpg 225w\" sizes=\"auto, (max-width: 300px) 100vw, 300px\" \/><\/a><\/p>\n<p>Le\u00a0 VTT et la marche du dimanche cette ann\u00e9e a connu une belle affluence avec 640 participants au total.<\/p>\n<p>Voici quelques photos du ravitaillement de Transinne\u00a0\u00a0 <a href=\"https:\/\/photos.app.goo.gl\/V3pEwJ3X5FtGzGGH9\" target=\"_blank\" rel=\"noopener noreferrer\">&lt;&lt;lien&gt;&gt;<\/a><\/p>\n<p><a href=\"https:\/\/photos.app.goo.gl\/V3pEwJ3X5FtGzGGH9\" target=\"_blank\" rel=\"attachment wp-att-468 noopener noreferrer\"><img loading=\"lazy\" decoding=\"async\" class=\"aligncenter wp-image-468 size-medium\" src=\"http:\/\/www.glaireuse.be\/wp-content\/uploads\/2018\/08\/DSC_0415-300x200.jpg\" alt=\"DSC_0415\" width=\"300\" height=\"200\" srcset=\"https:\/\/www.glaireuse.be\/wp-content\/uploads\/2018\/08\/DSC_0415-300x200.jpg 300w, https:\/\/www.glaireuse.be\/wp-content\/uploads\/2018\/08\/DSC_0415-150x100.jpg 150w, https:\/\/www.glaireuse.be\/wp-content\/uploads\/2018\/08\/DSC_0415-768x512.jpg 768w, https:\/\/www.glaireuse.be\/wp-content\/uploads\/2018\/08\/DSC_0415-1024x683.jpg 1024w, https:\/\/www.glaireuse.be\/wp-content\/uploads\/2018\/08\/DSC_0415-225x150.jpg 225w\" sizes=\"auto, (max-width: 300px) 100vw, 300px\" \/><\/a>Le ravitaillement sur le parcours la marche\u00a0 <a href=\"https:\/\/photos.app.goo.gl\/hTQwvAuDQyNQoFQUA\" target=\"_blank\" rel=\"noopener noreferrer\">&lt;&lt;lien&gt;&gt;<\/a><\/p>\n<p><a href=\"https:\/\/photos.app.goo.gl\/hTQwvAuDQyNQoFQUA\" target=\"_blank\" rel=\"attachment wp-att-471 noopener noreferrer\"><img loading=\"lazy\" decoding=\"async\" class=\"aligncenter wp-image-471 size-medium\" src=\"http:\/\/www.glaireuse.be\/wp-content\/uploads\/2018\/08\/IMG_0738-300x225.jpg\" alt=\"IMG_0738\" width=\"300\" height=\"225\" srcset=\"https:\/\/www.glaireuse.be\/wp-content\/uploads\/2018\/08\/IMG_0738-300x225.jpg 300w, https:\/\/www.glaireuse.be\/wp-content\/uploads\/2018\/08\/IMG_0738-150x113.jpg 150w, https:\/\/www.glaireuse.be\/wp-content\/uploads\/2018\/08\/IMG_0738-200x150.jpg 200w, https:\/\/www.glaireuse.be\/wp-content\/uploads\/2018\/08\/IMG_0738.jpg 640w\" sizes=\"auto, (max-width: 300px) 100vw, 300px\" \/><\/a><\/p>\n","protected":false},"excerpt":{"rendered":"<p>Voici les premi\u00e8res photos de la f\u00eate 2018 Une balade moto avait lieu la journ\u00e9e du samedi. Voir les photos &lt;&lt;ici&gt;&gt; Allure Libre samedi 11 aout &lt;&lt;ici&gt;&gt; Concert de Pilgrims samedi 11 aout &lt;&lt;ici&gt;&gt; Le dimanche matin, inscription VTT et Brocante &#8230; &lt;cliquez ici&gt; Le\u00a0 VTT et la marche du \u2026 <a class=\"continue-reading-link\" href=\"https:\/\/www.glaireuse.be\/?p=467\"> Continue reading <span class=\"meta-nav\">&rarr; <\/span><\/a><\/p>\n","protected":false},"author":1,"featured_media":0,"comment_status":"open","ping_status":"open","sticky":false,"template":"","format":"standard","meta":{"_monsterinsights_skip_tracking":false,"_monsterinsights_sitenote_active":false,"_monsterinsights_sitenote_note":"","_monsterinsights_sitenote_category":0,"ngg_post_thumbnail":0,"footnotes":""},"categories":[1],"tags":[],"class_list":["post-467","post","type-post","status-publish","format-standard","hentry","category-non-classe"],"yoast_head":"<!-- This site is optimized with the Yoast SEO plugin v19.4 - https:\/\/yoast.com\/wordpress\/plugins\/seo\/ -->\n<title>Photo \u00e9dition 2018 de notre kermesse - Club des Jeunes de Glaireuse<\/title>\n<meta name=\"robots\" content=\"index, follow, max-snippet:-1, max-image-preview:large, max-video-preview:-1\" \/>\n<link rel=\"canonical\" href=\"http:\/\/www.glaireuse.be\/?p=467\" \/>\n<meta property=\"og:locale\" content=\"fr_FR\" \/>\n<meta property=\"og:type\" content=\"article\" \/>\n<meta property=\"og:title\" content=\"Photo \u00e9dition 2018 de notre kermesse - Club des Jeunes de Glaireuse\" \/>\n<meta property=\"og:description\" content=\"Voici les premi\u00e8res photos de la f\u00eate 2018 Une balade moto avait lieu la journ\u00e9e du samedi. Voir les photos &lt;&lt;ici&gt;&gt; Allure Libre samedi 11 aout &lt;&lt;ici&gt;&gt; Concert de Pilgrims samedi 11 aout &lt;&lt;ici&gt;&gt; Le dimanche matin, inscription VTT et Brocante &#8230; &lt;cliquez ici&gt; Le\u00a0 VTT et la marche du \u2026 Continue reading &rarr;\" \/>\n<meta property=\"og:url\" content=\"http:\/\/www.glaireuse.be\/?p=467\" \/>\n<meta property=\"og:site_name\" content=\"Club des Jeunes de Glaireuse\" \/>\n<meta property=\"article:published_time\" content=\"2018-08-14T18:21:12+00:00\" \/>\n<meta property=\"article:modified_time\" content=\"2019-07-21T14:17:36+00:00\" \/>\n<meta property=\"og:image\" content=\"http:\/\/www.glaireuse.be\/wp-content\/uploads\/2018\/08\/IMG_8118-300x200.jpg\" \/>\n<meta name=\"author\" content=\"Eric\" \/>\n<meta name=\"twitter:card\" content=\"summary_large_image\" \/>\n<meta name=\"twitter:label1\" content=\"\u00c9crit par\" \/>\n\t<meta name=\"twitter:data1\" content=\"Eric\" \/>\n\t<meta name=\"twitter:label2\" content=\"Dur\u00e9e de lecture estim\u00e9e\" \/>\n\t<meta name=\"twitter:data2\" content=\"1 minute\" \/>\n<script type=\"application\/ld+json\" class=\"yoast-schema-graph\">{\"@context\":\"https:\/\/schema.org\",\"@graph\":[{\"@type\":\"Organization\",\"@id\":\"http:\/\/www.glaireuse.be\/#organization\",\"name\":\"Club des Jeunes de Glaireuse\",\"url\":\"http:\/\/www.glaireuse.be\/\",\"sameAs\":[],\"logo\":{\"@type\":\"ImageObject\",\"inLanguage\":\"fr-FR\",\"@id\":\"http:\/\/www.glaireuse.be\/#\/schema\/logo\/image\/\",\"url\":\"http:\/\/www.glaireuse.be\/wp-content\/uploads\/2022\/07\/Vache.bmp\",\"contentUrl\":\"http:\/\/www.glaireuse.be\/wp-content\/uploads\/2022\/07\/Vache.bmp\",\"width\":307,\"height\":422,\"caption\":\"Club des Jeunes de Glaireuse\"},\"image\":{\"@id\":\"http:\/\/www.glaireuse.be\/#\/schema\/logo\/image\/\"}},{\"@type\":\"WebSite\",\"@id\":\"http:\/\/www.glaireuse.be\/#website\",\"url\":\"http:\/\/www.glaireuse.be\/\",\"name\":\"Club des Jeunes de Glaireuse\",\"description\":\"Tous \u00e0 Glaireuse le 2e WE d&#039;ao\u00fbt\",\"publisher\":{\"@id\":\"http:\/\/www.glaireuse.be\/#organization\"},\"potentialAction\":[{\"@type\":\"SearchAction\",\"target\":{\"@type\":\"EntryPoint\",\"urlTemplate\":\"http:\/\/www.glaireuse.be\/?s={search_term_string}\"},\"query-input\":\"required name=search_term_string\"}],\"inLanguage\":\"fr-FR\"},{\"@type\":\"WebPage\",\"@id\":\"http:\/\/www.glaireuse.be\/?p=467\",\"url\":\"http:\/\/www.glaireuse.be\/?p=467\",\"name\":\"Photo \u00e9dition 2018 de notre kermesse - Club des Jeunes de Glaireuse\",\"isPartOf\":{\"@id\":\"http:\/\/www.glaireuse.be\/#website\"},\"datePublished\":\"2018-08-14T18:21:12+00:00\",\"dateModified\":\"2019-07-21T14:17:36+00:00\",\"breadcrumb\":{\"@id\":\"http:\/\/www.glaireuse.be\/?p=467#breadcrumb\"},\"inLanguage\":\"fr-FR\",\"potentialAction\":[{\"@type\":\"ReadAction\",\"target\":[\"http:\/\/www.glaireuse.be\/?p=467\"]}]},{\"@type\":\"BreadcrumbList\",\"@id\":\"http:\/\/www.glaireuse.be\/?p=467#breadcrumb\",\"itemListElement\":[{\"@type\":\"ListItem\",\"position\":1,\"name\":\"Accueil\",\"item\":\"http:\/\/www.glaireuse.be\/\"},{\"@type\":\"ListItem\",\"position\":2,\"name\":\"Photo \u00e9dition 2018 de notre kermesse\"}]},{\"@type\":\"Article\",\"@id\":\"http:\/\/www.glaireuse.be\/?p=467#article\",\"isPartOf\":{\"@id\":\"http:\/\/www.glaireuse.be\/?p=467\"},\"author\":{\"name\":\"Eric\",\"@id\":\"http:\/\/www.glaireuse.be\/#\/schema\/person\/0fc444acf2449c5618fc04f1d155a2ab\"},\"headline\":\"Photo \u00e9dition 2018 de notre kermesse\",\"datePublished\":\"2018-08-14T18:21:12+00:00\",\"dateModified\":\"2019-07-21T14:17:36+00:00\",\"mainEntityOfPage\":{\"@id\":\"http:\/\/www.glaireuse.be\/?p=467\"},\"wordCount\":105,\"commentCount\":0,\"publisher\":{\"@id\":\"http:\/\/www.glaireuse.be\/#organization\"},\"inLanguage\":\"fr-FR\",\"potentialAction\":[{\"@type\":\"CommentAction\",\"name\":\"Comment\",\"target\":[\"http:\/\/www.glaireuse.be\/?p=467#respond\"]}]},{\"@type\":\"Person\",\"@id\":\"http:\/\/www.glaireuse.be\/#\/schema\/person\/0fc444acf2449c5618fc04f1d155a2ab\",\"name\":\"Eric\",\"image\":{\"@type\":\"ImageObject\",\"inLanguage\":\"fr-FR\",\"@id\":\"http:\/\/www.glaireuse.be\/#\/schema\/person\/image\/\",\"url\":\"https:\/\/secure.gravatar.com\/avatar\/029892bb6911d4d437f96a8ae61fff2166ee925c26f3ac684b2efd83dad21e3c?s=96&d=mm&r=g\",\"contentUrl\":\"https:\/\/secure.gravatar.com\/avatar\/029892bb6911d4d437f96a8ae61fff2166ee925c26f3ac684b2efd83dad21e3c?s=96&d=mm&r=g\",\"caption\":\"Eric\"},\"sameAs\":[\"http:\/\/www.glaireuse.be\"],\"url\":\"https:\/\/www.glaireuse.be\/?author=1\"}]}<\/script>\n<!-- \/ Yoast SEO plugin. -->","yoast_head_json":{"title":"Photo \u00e9dition 2018 de notre kermesse - Club des Jeunes de Glaireuse","robots":{"index":"index","follow":"follow","max-snippet":"max-snippet:-1","max-image-preview":"max-image-preview:large","max-video-preview":"max-video-preview:-1"},"canonical":"http:\/\/www.glaireuse.be\/?p=467","og_locale":"fr_FR","og_type":"article","og_title":"Photo \u00e9dition 2018 de notre kermesse - Club des Jeunes de Glaireuse","og_description":"Voici les premi\u00e8res photos de la f\u00eate 2018 Une balade moto avait lieu la journ\u00e9e du samedi. Voir les photos &lt;&lt;ici&gt;&gt; Allure Libre samedi 11 aout &lt;&lt;ici&gt;&gt; Concert de Pilgrims samedi 11 aout &lt;&lt;ici&gt;&gt; Le dimanche matin, inscription VTT et Brocante &#8230; &lt;cliquez ici&gt; Le\u00a0 VTT et la marche du \u2026 Continue reading &rarr;","og_url":"http:\/\/www.glaireuse.be\/?p=467","og_site_name":"Club des Jeunes de Glaireuse","article_published_time":"2018-08-14T18:21:12+00:00","article_modified_time":"2019-07-21T14:17:36+00:00","og_image":[{"url":"http:\/\/www.glaireuse.be\/wp-content\/uploads\/2018\/08\/IMG_8118-300x200.jpg"}],"author":"Eric","twitter_card":"summary_large_image","twitter_misc":{"\u00c9crit par":"Eric","Dur\u00e9e de lecture estim\u00e9e":"1 minute"},"schema":{"@context":"https:\/\/schema.org","@graph":[{"@type":"Organization","@id":"http:\/\/www.glaireuse.be\/#organization","name":"Club des Jeunes de Glaireuse","url":"http:\/\/www.glaireuse.be\/","sameAs":[],"logo":{"@type":"ImageObject","inLanguage":"fr-FR","@id":"http:\/\/www.glaireuse.be\/#\/schema\/logo\/image\/","url":"http:\/\/www.glaireuse.be\/wp-content\/uploads\/2022\/07\/Vache.bmp","contentUrl":"http:\/\/www.glaireuse.be\/wp-content\/uploads\/2022\/07\/Vache.bmp","width":307,"height":422,"caption":"Club des Jeunes de Glaireuse"},"image":{"@id":"http:\/\/www.glaireuse.be\/#\/schema\/logo\/image\/"}},{"@type":"WebSite","@id":"http:\/\/www.glaireuse.be\/#website","url":"http:\/\/www.glaireuse.be\/","name":"Club des Jeunes de Glaireuse","description":"Tous \u00e0 Glaireuse le 2e WE d&#039;ao\u00fbt","publisher":{"@id":"http:\/\/www.glaireuse.be\/#organization"},"potentialAction":[{"@type":"SearchAction","target":{"@type":"EntryPoint","urlTemplate":"http:\/\/www.glaireuse.be\/?s={search_term_string}"},"query-input":"required name=search_term_string"}],"inLanguage":"fr-FR"},{"@type":"WebPage","@id":"http:\/\/www.glaireuse.be\/?p=467","url":"http:\/\/www.glaireuse.be\/?p=467","name":"Photo \u00e9dition 2018 de notre kermesse - Club des Jeunes de Glaireuse","isPartOf":{"@id":"http:\/\/www.glaireuse.be\/#website"},"datePublished":"2018-08-14T18:21:12+00:00","dateModified":"2019-07-21T14:17:36+00:00","breadcrumb":{"@id":"http:\/\/www.glaireuse.be\/?p=467#breadcrumb"},"inLanguage":"fr-FR","potentialAction":[{"@type":"ReadAction","target":["http:\/\/www.glaireuse.be\/?p=467"]}]},{"@type":"BreadcrumbList","@id":"http:\/\/www.glaireuse.be\/?p=467#breadcrumb","itemListElement":[{"@type":"ListItem","position":1,"name":"Accueil","item":"http:\/\/www.glaireuse.be\/"},{"@type":"ListItem","position":2,"name":"Photo \u00e9dition 2018 de notre kermesse"}]},{"@type":"Article","@id":"http:\/\/www.glaireuse.be\/?p=467#article","isPartOf":{"@id":"http:\/\/www.glaireuse.be\/?p=467"},"author":{"name":"Eric","@id":"http:\/\/www.glaireuse.be\/#\/schema\/person\/0fc444acf2449c5618fc04f1d155a2ab"},"headline":"Photo \u00e9dition 2018 de notre kermesse","datePublished":"2018-08-14T18:21:12+00:00","dateModified":"2019-07-21T14:17:36+00:00","mainEntityOfPage":{"@id":"http:\/\/www.glaireuse.be\/?p=467"},"wordCount":105,"commentCount":0,"publisher":{"@id":"http:\/\/www.glaireuse.be\/#organization"},"inLanguage":"fr-FR","potentialAction":[{"@type":"CommentAction","name":"Comment","target":["http:\/\/www.glaireuse.be\/?p=467#respond"]}]},{"@type":"Person","@id":"http:\/\/www.glaireuse.be\/#\/schema\/person\/0fc444acf2449c5618fc04f1d155a2ab","name":"Eric","image":{"@type":"ImageObject","inLanguage":"fr-FR","@id":"http:\/\/www.glaireuse.be\/#\/schema\/person\/image\/","url":"https:\/\/secure.gravatar.com\/avatar\/029892bb6911d4d437f96a8ae61fff2166ee925c26f3ac684b2efd83dad21e3c?s=96&d=mm&r=g","contentUrl":"https:\/\/secure.gravatar.com\/avatar\/029892bb6911d4d437f96a8ae61fff2166ee925c26f3ac684b2efd83dad21e3c?s=96&d=mm&r=g","caption":"Eric"},"sameAs":["http:\/\/www.glaireuse.be"],"url":"https:\/\/www.glaireuse.be\/?author=1"}]}},"_links":{"self":[{"href":"https:\/\/www.glaireuse.be\/index.php?rest_route=\/wp\/v2\/posts\/467","targetHints":{"allow":["GET"]}}],"collection":[{"href":"https:\/\/www.glaireuse.be\/index.php?rest_route=\/wp\/v2\/posts"}],"about":[{"href":"https:\/\/www.glaireuse.be\/index.php?rest_route=\/wp\/v2\/types\/post"}],"author":[{"embeddable":true,"href":"https:\/\/www.glaireuse.be\/index.php?rest_route=\/wp\/v2\/users\/1"}],"replies":[{"embeddable":true,"href":"https:\/\/www.glaireuse.be\/index.php?rest_route=%2Fwp%2Fv2%2Fcomments&post=467"}],"version-history":[{"count":7,"href":"https:\/\/www.glaireuse.be\/index.php?rest_route=\/wp\/v2\/posts\/467\/revisions"}],"predecessor-version":[{"id":508,"href":"https:\/\/www.glaireuse.be\/index.php?rest_route=\/wp\/v2\/posts\/467\/revisions\/508"}],"wp:attachment":[{"href":"https:\/\/www.glaireuse.be\/index.php?rest_route=%2Fwp%2Fv2%2Fmedia&parent=467"}],"wp:term":[{"taxonomy":"category","embeddable":true,"href":"https:\/\/www.glaireuse.be\/index.php?rest_route=%2Fwp%2Fv2%2Fcategories&post=467"},{"taxonomy":"post_tag","embeddable":true,"href":"https:\/\/www.glaireuse.be\/index.php?rest_route=%2Fwp%2Fv2%2Ftags&post=467"}],"curies":[{"name":"wp","href":"https:\/\/api.w.org\/{rel}","templated":true}]}}